{"id":973,"date":"2026-02-03T14:07:36","date_gmt":"2026-02-03T14:07:36","guid":{"rendered":"https:\/\/apf-pooldesign.com\/nos-actualites\/\/"},"modified":"2026-04-03T16:15:23","modified_gmt":"2026-04-03T16:15:23","slug":"retour-sur-les-assises-de-la-piscine-et-du-spa-2026","status":"publish","type":"post","link":"https:\/\/apf-pooldesign.com\/en\/nos-actualites\/retour-sur-les-assises-de-la-piscine-et-du-spa-2026\/","title":{"rendered":"Back on the 2026 Pool &amp; Spa Conference"},"content":{"rendered":"<h2 class=\"wp-block-heading\">Un moment cl\u00e9 pour la communaut\u00e9 professionnelle de la fili\u00e8re<\/h2>\n\n\n\n<p>Temps fort pour les professionnels de notre secteur organis\u00e9 par F\u00e9d\u00e9ration des Professionnels de la Piscine et du Spa (FPP), les Assises de la Piscine et du Spa se sont tenues les 19 et 20 mars dernier \u00e0 Dijon. Dans un contexte de transformation des attentes clients, de mont\u00e9e en puissance des services et de recherche de diff\u00e9renciation, l\u2019\u00e9dition 2026 \u00e9tait plac\u00e9e sous le th\u00e8me : \u00ab Piscine et service : construire la relation de demain \u00bb.<\/p>\n\n\n\n<p>Deux journ\u00e9es qui ont \u00e9t\u00e9 rythm\u00e9es par des \u00e9changes enrichissants, des rencontres entre professionnels et des temps fort autour des enjeux que sont les n\u00f4tres. Les Assises sont \u00e9galement un temps fort de la vie f\u00e9d\u00e9rale, avec l\u2019Assembl\u00e9e g\u00e9n\u00e9rale de la FPP \u00e0 laquelle Cl\u00e9ment Chapaton, notre PDG, a pris part en tant que membre du conseil d&rsquo;administration.<\/p>\n\n\n\n<div style=\"height:29px\" aria-hidden=\"true\" class=\"wp-block-spacer\"><\/div>\n\n\n\n<h2 class=\"wp-block-heading\">AG Smart 700 expos\u00e9e en exclusivit\u00e9<\/h2>\n\n\n\n<p>Pour la toute premi\u00e8re fois, nous avons pr\u00e9sent\u00e9 sur notre stand les premiers \u00e9chantillons du nouveau pied de couverture automatique hors sol, AG Smart 700.<\/p>\n\n\n\n<p>Design\u00e9e pour gagner en confort, cette couverture conjugue esth\u00e9tique minimaliste gr\u00e2ce \u00e0 ses lignes \u00e9pur\u00e9es et technologie avanc\u00e9e sans cl\u00e9. En effet, le pilotage est r\u00e9alis\u00e9 par smartphone via l\u2019application APF Connect ou par le panneau de contr\u00f4le directement sur le pied en remplacement du bouton \u00e0 cl\u00e9.<\/p>\n\n\n\n<p>Disponible en version filaire ou \u00e0 batterie lithium, cette couverture offre pas moins de 8 combinaisons de finitions possibles afin de choisir celle qui s\u2019adaptera le mieux \u00e0 l\u2019environnement du bassin.<\/p>\n\n\n\n<p><\/p>\n\n\n\n<p>A nouveau, cet \u00e9v\u00e8nement a confirm\u00e9 le dynamisme et l\u2019\u00e9volution constante de notre fili\u00e8re. Nous avons h\u00e2te de participer \u00e0 l\u2019\u00e9dition de 2027&nbsp;!<\/p>\n\n\n\n<figure class=\"wp-block-gallery has-nested-images columns-default is-cropped wp-block-gallery-1 is-layout-flex wp-block-gallery-is-layout-flex\">\n<figure class=\"wp-block-image size-large\"><img fetchpriority=\"high\" decoding=\"async\" width=\"768\" height=\"1024\" data-id=\"7600\" src=\"https:\/\/apf-pooldesign.com\/wp-content\/uploads\/2026\/02\/Assises_1.webp\" alt=\"\" class=\"wp-image-7600\" srcset=\"https:\/\/apf-pooldesign.com\/wp-content\/uploads\/2026\/02\/Assises_1.webp 768w, https:\/\/apf-pooldesign.com\/wp-content\/uploads\/2026\/02\/Assises_1-225x300.webp 225w, https:\/\/apf-pooldesign.com\/wp-content\/uploads\/2026\/02\/Assises_1-9x12.webp 9w\" sizes=\"(max-width: 768px) 100vw, 768px\" \/><\/figure>\n\n\n\n<figure class=\"wp-block-image size-large\"><img decoding=\"async\" width=\"768\" height=\"1024\" data-id=\"7599\" src=\"https:\/\/apf-pooldesign.com\/wp-content\/uploads\/2026\/02\/Assises_2.webp\" alt=\"\" class=\"wp-image-7599\" srcset=\"https:\/\/apf-pooldesign.com\/wp-content\/uploads\/2026\/02\/Assises_2.webp 768w, https:\/\/apf-pooldesign.com\/wp-content\/uploads\/2026\/02\/Assises_2-225x300.webp 225w, https:\/\/apf-pooldesign.com\/wp-content\/uploads\/2026\/02\/Assises_2-9x12.webp 9w\" sizes=\"(max-width: 768px) 100vw, 768px\" \/><\/figure>\n<\/figure>","protected":false},"excerpt":{"rendered":"<p>Un moment cl\u00e9 pour la communaut\u00e9 professionnelle de la fili\u00e8re Temps fort pour les professionnels de notre secteur organis\u00e9 par F\u00e9d\u00e9ration des Professionnels de la Piscine et du Spa (FPP), les Assises de la Piscine et du Spa se sont tenues les 19 et 20 mars dernier \u00e0 Dijon. Dans un contexte de transformation des [&hellip;]<\/p>\n","protected":false},"author":2,"featured_media":7600,"comment_status":"closed","ping_status":"closed","sticky":false,"template":"","format":"standard","meta":{"_acf_changed":false,"footnotes":""},"categories":[15],"tags":[],"class_list":["post-973","post","type-post","status-publish","format-standard","has-post-thumbnail","hentry","category-evenement"],"acf":[],"_links":{"self":[{"href":"https:\/\/apf-pooldesign.com\/en\/wp-json\/wp\/v2\/posts\/973","targetHints":{"allow":["GET"]}}],"collection":[{"href":"https:\/\/apf-pooldesign.com\/en\/wp-json\/wp\/v2\/posts"}],"about":[{"href":"https:\/\/apf-pooldesign.com\/en\/wp-json\/wp\/v2\/types\/post"}],"author":[{"embeddable":true,"href":"https:\/\/apf-pooldesign.com\/en\/wp-json\/wp\/v2\/users\/2"}],"replies":[{"embeddable":true,"href":"https:\/\/apf-pooldesign.com\/en\/wp-json\/wp\/v2\/comments?post=973"}],"version-history":[{"count":5,"href":"https:\/\/apf-pooldesign.com\/en\/wp-json\/wp\/v2\/posts\/973\/revisions"}],"predecessor-version":[{"id":7604,"href":"https:\/\/apf-pooldesign.com\/en\/wp-json\/wp\/v2\/posts\/973\/revisions\/7604"}],"wp:featuredmedia":[{"embeddable":true,"href":"https:\/\/apf-pooldesign.com\/en\/wp-json\/wp\/v2\/media\/7600"}],"wp:attachment":[{"href":"https:\/\/apf-pooldesign.com\/en\/wp-json\/wp\/v2\/media?parent=973"}],"wp:term":[{"taxonomy":"category","embeddable":true,"href":"https:\/\/apf-pooldesign.com\/en\/wp-json\/wp\/v2\/categories?post=973"},{"taxonomy":"post_tag","embeddable":true,"href":"https:\/\/apf-pooldesign.com\/en\/wp-json\/wp\/v2\/tags?post=973"}],"curies":[{"name":"wp","href":"https:\/\/api.w.org\/{rel}","templated":true}]}}